{"id":275,"date":"2026-09-03T20:19:22","date_gmt":"2026-09-03T20:19:22","guid":{"rendered":"https:\/\/www.fpparafusos.com.br\/blog\/?p=275"},"modified":"2026-09-03T20:19:22","modified_gmt":"2026-09-03T20:19:22","slug":"presilha-bifilar-circular-para-projetos-de-eletrificacao","status":"publish","type":"post","link":"https:\/\/www.fpparafusos.com.br\/blog\/presilha-bifilar\/presilha-bifilar-circular-para-projetos-de-eletrificacao\/","title":{"rendered":"Presilha bifilar circular para projetos de eletrifica\u00e7\u00e3o"},"content":{"rendered":"<span class=\"span-reading-time rt-reading-time\" style=\"display: block;\"><span class=\"rt-label rt-prefix\">Tempo de leitura<\/span> <span class=\"rt-time\"> 4<\/span> <span class=\"rt-label rt-postfix\">minutos<\/span><\/span><p><b><i>Entenda como a presilha bifilar circular contribui para projetos de eletrifica\u00e7\u00e3o, quais aplica\u00e7\u00f5es atende e o que avaliar antes da compra.<\/i><\/b><\/p>\n<div id=\"ez-toc-container\" class=\"ez-toc-v2_0_81 counter-hierarchy ez-toc-counter ez-toc-grey ez-toc-container-direction\">\n<div class=\"ez-toc-title-container\">\n<p class=\"ez-toc-title\" style=\"cursor:inherit\">T\u00f3picos do artigo<\/p>\n<span class=\"ez-toc-title-toggle\"><a href=\"#\" class=\"ez-toc-pull-right ez-toc-btn ez-toc-btn-xs ez-toc-btn-default ez-toc-toggle\" aria-label=\"Alternar tabela de conte\u00fado\"><span class=\"ez-toc-js-icon-con\"><span class=\"\"><span class=\"eztoc-hide\" style=\"display:none;\">Toggle<\/span><span class=\"ez-toc-icon-toggle-span\"><svg style=\"fill: #999;color:#999\" xmlns=\"http:\/\/www.w3.org\/2000\/svg\" class=\"list-377408\" width=\"20px\" height=\"20px\" viewBox=\"0 0 24 24\" fill=\"none\"><path d=\"M6 6H4v2h2V6zm14 0H8v2h12V6zM4 11h2v2H4v-2zm16 0H8v2h12v-2zM4 16h2v2H4v-2zm16 0H8v2h12v-2z\" fill=\"currentColor\"><\/path><\/svg><svg style=\"fill: #999;color:#999\" class=\"arrow-unsorted-368013\" xmlns=\"http:\/\/www.w3.org\/2000\/svg\" width=\"10px\" height=\"10px\" viewBox=\"0 0 24 24\" version=\"1.2\" baseProfile=\"tiny\"><path d=\"M18.2 9.3l-6.2-6.3-6.2 6.3c-.2.2-.3.4-.3.7s.1.5.3.7c.2.2.4.3.7.3h11c.3 0 .5-.1.7-.3.2-.2.3-.5.3-.7s-.1-.5-.3-.7zM5.8 14.7l6.2 6.3 6.2-6.3c.2-.2.3-.5.3-.7s-.1-.5-.3-.7c-.2-.2-.4-.3-.7-.3h-11c-.3 0-.5.1-.7.3-.2.2-.3.5-.3.7s.1.5.3.7z\"\/><\/svg><\/span><\/span><\/span><\/a><\/span><\/div>\n<nav><ul class='ez-toc-list ez-toc-list-level-1 ' ><li class='ez-toc-page-1 ez-toc-heading-level-2'><a class=\"ez-toc-link ez-toc-heading-1\" href=\"https:\/\/www.fpparafusos.com.br\/blog\/presilha-bifilar\/presilha-bifilar-circular-para-projetos-de-eletrificacao\/#Presilha_bifilar_circular_em_projetos_de_eletrificacao\" >Presilha bifilar circular em projetos de eletrifica\u00e7\u00e3o<\/a><\/li><li class='ez-toc-page-1 ez-toc-heading-level-2'><a class=\"ez-toc-link ez-toc-heading-2\" href=\"https:\/\/www.fpparafusos.com.br\/blog\/presilha-bifilar\/presilha-bifilar-circular-para-projetos-de-eletrificacao\/#Onde_a_presilha_bifilar_circular_pode_ser_utilizada\" >Onde a presilha bifilar circular pode ser utilizada?<\/a><ul class='ez-toc-list-level-3' ><li class='ez-toc-heading-level-3'><a class=\"ez-toc-link ez-toc-heading-3\" href=\"https:\/\/www.fpparafusos.com.br\/blog\/presilha-bifilar\/presilha-bifilar-circular-para-projetos-de-eletrificacao\/#Para_que_serve_a_presilha_bifilar_circular\" >Para que serve a presilha bifilar circular?<\/a><\/li><\/ul><\/li><li class='ez-toc-page-1 ez-toc-heading-level-2'><a class=\"ez-toc-link ez-toc-heading-4\" href=\"https:\/\/www.fpparafusos.com.br\/blog\/presilha-bifilar\/presilha-bifilar-circular-para-projetos-de-eletrificacao\/#Quais_sao_as_vantagens_da_presilha_bifilar_circular\" >Quais s\u00e3o as vantagens da presilha bifilar circular?<\/a><ul class='ez-toc-list-level-3' ><li class='ez-toc-heading-level-3'><a class=\"ez-toc-link ez-toc-heading-5\" href=\"https:\/\/www.fpparafusos.com.br\/blog\/presilha-bifilar\/presilha-bifilar-circular-para-projetos-de-eletrificacao\/#Presilha_bifilar_circular_galvanizada_vale_a_pena\" >Presilha bifilar circular galvanizada vale a pena?<\/a><\/li><\/ul><\/li><li class='ez-toc-page-1 ez-toc-heading-level-2'><a class=\"ez-toc-link ez-toc-heading-6\" href=\"https:\/\/www.fpparafusos.com.br\/blog\/presilha-bifilar\/presilha-bifilar-circular-para-projetos-de-eletrificacao\/#Quais_os_riscos_de_usar_uma_presilha_bifilar_circular_de_baixa_qualidade\" >Quais os riscos de usar uma presilha bifilar circular de baixa qualidade?<\/a><\/li><li class='ez-toc-page-1 ez-toc-heading-level-2'><a class=\"ez-toc-link ez-toc-heading-7\" href=\"https:\/\/www.fpparafusos.com.br\/blog\/presilha-bifilar\/presilha-bifilar-circular-para-projetos-de-eletrificacao\/#Como_escolher_uma_presilha_bifilar_circular\" >Como escolher uma presilha bifilar circular?<\/a><\/li><li class='ez-toc-page-1 ez-toc-heading-level-2'><a class=\"ez-toc-link ez-toc-heading-8\" href=\"https:\/\/www.fpparafusos.com.br\/blog\/presilha-bifilar\/presilha-bifilar-circular-para-projetos-de-eletrificacao\/#FP_Parafusos_e_solucoes_para_sistemas_de_fixacao\" >FP Parafusos e solu\u00e7\u00f5es para sistemas de fixa\u00e7\u00e3o<\/a><\/li><li class='ez-toc-page-1 ez-toc-heading-level-2'><a class=\"ez-toc-link ez-toc-heading-9\" href=\"https:\/\/www.fpparafusos.com.br\/blog\/presilha-bifilar\/presilha-bifilar-circular-para-projetos-de-eletrificacao\/#Escolha_sua_presilha_bifilar_circular_com_seguranca\" >Escolha sua presilha bifilar circular com seguran\u00e7a<\/a><\/li><\/ul><\/nav><\/div>\n<h2><span class=\"ez-toc-section\" id=\"Presilha_bifilar_circular_em_projetos_de_eletrificacao\"><\/span><b>Presilha bifilar circular em projetos de eletrifica\u00e7\u00e3o<\/b><span class=\"ez-toc-section-end\"><\/span><\/h2>\n<p><span style=\"font-weight: 400;\">A <\/span><a href=\"https:\/\/www.fpparafusos.com.br\/presilha-bifilar\"><b>presilha bifilar circular<\/b><\/a><span style=\"font-weight: 400;\"> \u00e9 um componente utilizado para proporcionar uma fixa\u00e7\u00e3o segura e resistente em diferentes situa\u00e7\u00f5es ligadas \u00e0 eletrifica\u00e7\u00e3o. Seu formato favorece a estabilidade da montagem e contribui para manter os elementos fixados mesmo em condi\u00e7\u00f5es de uso mais exigentes.<\/span><\/p>\n<p><span style=\"font-weight: 400;\">Em projetos el\u00e9tricos, detalhes de fixa\u00e7\u00e3o merecem aten\u00e7\u00e3o. Uma pe\u00e7a inadequada, com acabamento deficiente ou baixa resist\u00eancia pode comprometer a instala\u00e7\u00e3o, gerar necessidade de manuten\u00e7\u00e3o precoce e aumentar custos que poderiam ser evitados ainda na etapa de especifica\u00e7\u00e3o.<\/span><\/p>\n<p><span style=\"font-weight: 400;\">Por isso, a escolha da presilha deve considerar tanto sua aplica\u00e7\u00e3o quanto a proced\u00eancia do produto. <\/span><b>Uma fixa\u00e7\u00e3o confi\u00e1vel come\u00e7a com componentes desenvolvidos para suportar as condi\u00e7\u00f5es reais do projeto.<\/b><\/p>\n<ul>\n<li style=\"font-weight: 400;\" aria-level=\"1\"><a href=\"https:\/\/www.fpparafusos.com.br\/blog\/parafuso-sextavado\/o-que-e-parafuso-sextavado-e-como-funciona-sua-fixacao\/\"><span style=\"font-weight: 400;\">O que \u00e9 parafuso sextavado e como funciona sua fixa\u00e7\u00e3o\u00a0<\/span><\/a><\/li>\n<\/ul>\n<h2><span class=\"ez-toc-section\" id=\"Onde_a_presilha_bifilar_circular_pode_ser_utilizada\"><\/span><b>Onde a presilha bifilar circular pode ser utilizada?<\/b><span class=\"ez-toc-section-end\"><\/span><\/h2>\n<p><span style=\"font-weight: 400;\">A versatilidade est\u00e1 entre os principais pontos da presilha bifilar circular. Seu desenho permite uso em diferentes superf\u00edcies e situa\u00e7\u00f5es, especialmente quando existe a necessidade de manter componentes firmemente posicionados.<\/span><\/p>\n<p><span style=\"font-weight: 400;\">Nos<\/span><b> projetos de eletrifica\u00e7\u00e3o,<\/b><span style=\"font-weight: 400;\"> ela pode fazer parte de montagens que exigem estabilidade, resist\u00eancia e facilidade de instala\u00e7\u00e3o. Tamb\u00e9m pode ser utilizada em estruturas e equipamentos nos quais uma fixa\u00e7\u00e3o dur\u00e1vel influencia diretamente o desempenho do conjunto.<\/span><\/p>\n<p><span style=\"font-weight: 400;\">Entre suas aplica\u00e7\u00f5es est\u00e3o:<\/span><\/p>\n<ul>\n<li style=\"font-weight: 400;\" aria-level=\"1\"><span style=\"font-weight: 400;\">fixa\u00e7\u00e3o de componentes em projetos de eletrifica\u00e7\u00e3o;<\/span><\/li>\n<li style=\"font-weight: 400;\" aria-level=\"1\"><span style=\"font-weight: 400;\">montagem e suporte de equipamentos;<\/span><\/li>\n<li style=\"font-weight: 400;\" aria-level=\"1\"><span style=\"font-weight: 400;\">fixa\u00e7\u00e3o de estruturas;<\/span><\/li>\n<li style=\"font-weight: 400;\" aria-level=\"1\"><span style=\"font-weight: 400;\">aplica\u00e7\u00f5es externas sujeitas a condi\u00e7\u00f5es ambientais adversas;<\/span><\/li>\n<li style=\"font-weight: 400;\" aria-level=\"1\"><span style=\"font-weight: 400;\">projetos que exigem distribui\u00e7\u00e3o uniforme da carga no ponto de fixa\u00e7\u00e3o.<\/span><\/li>\n<\/ul>\n<p><span style=\"font-weight: 400;\">A escolha deve sempre considerar as caracter\u00edsticas espec\u00edficas da instala\u00e7\u00e3o. Dimens\u00f5es, superf\u00edcie, esfor\u00e7o aplicado e exposi\u00e7\u00e3o ao ambiente interferem no desempenho esperado da pe\u00e7a.<\/span><\/p>\n<h3><span class=\"ez-toc-section\" id=\"Para_que_serve_a_presilha_bifilar_circular\"><\/span><b>Para que serve a presilha bifilar circular?<\/b><span class=\"ez-toc-section-end\"><\/span><\/h3>\n<p><span style=\"font-weight: 400;\">A presilha bifilar circular serve para <\/span><b>manter componentes fixados de maneira firme e est\u00e1vel<\/b><span style=\"font-weight: 400;\">, reduzindo movimenta\u00e7\u00f5es indesejadas durante o uso. Seu formato tamb\u00e9m favorece uma distribui\u00e7\u00e3o mais uniforme da carga ao redor do ponto de fixa\u00e7\u00e3o.<\/span><\/p>\n<p><span style=\"font-weight: 400;\">Essa caracter\u00edstica pode ajudar a reduzir concentra\u00e7\u00f5es excessivas de esfor\u00e7o sobre os materiais envolvidos na montagem, contribuindo para uma conex\u00e3o mais est\u00e1vel.<\/span><\/p>\n<h2><span class=\"ez-toc-section\" id=\"Quais_sao_as_vantagens_da_presilha_bifilar_circular\"><\/span><b>Quais s\u00e3o as vantagens da presilha bifilar circular?<\/b><span class=\"ez-toc-section-end\"><\/span><\/h2>\n<p><span style=\"font-weight: 400;\">Uma boa presilha precisa cumprir sua fun\u00e7\u00e3o ao longo do tempo. Isso envolve resist\u00eancia mec\u00e2nica adequada, facilidade durante a montagem e capacidade de suportar as condi\u00e7\u00f5es do ambiente onde ser\u00e1 utilizada.<\/span><\/p>\n<p><span style=\"font-weight: 400;\">A <\/span><a href=\"https:\/\/www.fpparafusos.com.br\/presilha-bifilar\"><span style=\"font-weight: 400;\">presilha bifilar circular<\/span><\/a><span style=\"font-weight: 400;\"> re\u00fane caracter\u00edsticas que favorecem diferentes projetos de eletrifica\u00e7\u00e3o. O desenho simples tamb\u00e9m torna sua instala\u00e7\u00e3o pr\u00e1tica, algo especialmente relevante em opera\u00e7\u00f5es que envolvem grande quantidade de pontos de fixa\u00e7\u00e3o.<\/span><\/p>\n<p><span style=\"font-weight: 400;\">Entre as principais vantagens est\u00e3o:<\/span><\/p>\n<ul>\n<li style=\"font-weight: 400;\" aria-level=\"1\"><b>fixa\u00e7\u00e3o firme<\/b><span style=\"font-weight: 400;\">, ajudando a manter os componentes posicionados;<\/span><\/li>\n<li style=\"font-weight: 400;\" aria-level=\"1\"><b>versatilidade<\/b><span style=\"font-weight: 400;\">, permitindo utiliza\u00e7\u00e3o em diferentes aplica\u00e7\u00f5es;<\/span><\/li>\n<li style=\"font-weight: 400;\" aria-level=\"1\"><b>distribui\u00e7\u00e3o uniforme da carga<\/b><span style=\"font-weight: 400;\"> ao redor do ponto de instala\u00e7\u00e3o;<\/span><\/li>\n<li style=\"font-weight: 400;\" aria-level=\"1\"><b>facilidade de instala\u00e7\u00e3o<\/b><span style=\"font-weight: 400;\">, reduzindo etapas desnecess\u00e1rias durante a montagem;<\/span><\/li>\n<li style=\"font-weight: 400;\" aria-level=\"1\"><b>resist\u00eancia \u00e0 corros\u00e3o<\/b><span style=\"font-weight: 400;\">, importante para ambientes sujeitos a condi\u00e7\u00f5es adversas.<\/span><\/li>\n<\/ul>\n<p><span style=\"font-weight: 400;\">Em projetos de maior escala, esses aspectos tamb\u00e9m podem influenciar produtividade e manuten\u00e7\u00e3o. Uma pe\u00e7a f\u00e1cil de instalar e com boa durabilidade reduz interven\u00e7\u00f5es desnecess\u00e1rias ao longo da opera\u00e7\u00e3o.<\/span><\/p>\n<h3><span class=\"ez-toc-section\" id=\"Presilha_bifilar_circular_galvanizada_vale_a_pena\"><\/span><b>Presilha bifilar circular galvanizada vale a pena?<\/b><span class=\"ez-toc-section-end\"><\/span><\/h3>\n<p><span style=\"font-weight: 400;\">Em aplica\u00e7\u00f5es expostas \u00e0 umidade ou a condi\u00e7\u00f5es ambientais mais agressivas, a prote\u00e7\u00e3o contra corros\u00e3o ganha import\u00e2ncia. Uma <\/span><b>presilha bifilar circular galvanizada<\/b><span style=\"font-weight: 400;\"> tende a apresentar maior resist\u00eancia nesse tipo de cen\u00e1rio.<\/span><\/p>\n<p><span style=\"font-weight: 400;\">A galvaniza\u00e7\u00e3o ajuda a proteger o material e prolongar sua vida \u00fatil. Para projetos de eletrifica\u00e7\u00e3o em \u00e1reas externas ou ambientes sujeitos \u00e0 a\u00e7\u00e3o de agentes corrosivos, essa caracter\u00edstica deve fazer parte da avalia\u00e7\u00e3o t\u00e9cnica da compra.<\/span><\/p>\n<ul>\n<li style=\"font-weight: 400;\" aria-level=\"1\"><a href=\"https:\/\/www.fpparafusos.com.br\/blog\/grampo-u\/como-escolher-grampo-tipo-u-para-cada-projeto\/\"><span style=\"font-weight: 400;\">Como escolher grampo tipo U para cada projeto<\/span><\/a><\/li>\n<\/ul>\n<h2><span class=\"ez-toc-section\" id=\"Quais_os_riscos_de_usar_uma_presilha_bifilar_circular_de_baixa_qualidade\"><\/span><b>Quais os riscos de usar uma presilha bifilar circular de baixa qualidade?<\/b><span class=\"ez-toc-section-end\"><\/span><\/h2>\n<p><img decoding=\"async\" class=\"size-full wp-image-276 alignright lazyload\" data-src=\"https:\/\/www.fpparafusos.com.br\/blog\/wp-content\/uploads\/2026\/09\/image-2026-09-03T171457.728.jpg\" alt=\"Presilha bifilar circular para projetos de eletrifica\u00e7\u00e3o\n\" width=\"225\" height=\"225\" data-srcset=\"https:\/\/www.fpparafusos.com.br\/blog\/wp-content\/uploads\/2026\/09\/image-2026-09-03T171457.728.jpg 225w, https:\/\/www.fpparafusos.com.br\/blog\/wp-content\/uploads\/2026\/09\/image-2026-09-03T171457.728-150x150.jpg 150w\" data-sizes=\"(max-width: 225px) 100vw, 225px\" src=\"data:image\/svg+xml;base64,PHN2ZyB3aWR0aD0iMSIgaGVpZ2h0PSIxIiB4bWxucz0iaHR0cDovL3d3dy53My5vcmcvMjAwMC9zdmciPjwvc3ZnPg==\" style=\"--smush-placeholder-width: 225px; --smush-placeholder-aspect-ratio: 225\/225;\" \/><\/p>\n<p><span style=\"font-weight: 400;\">A diferen\u00e7a entre uma pe\u00e7a adequada e outra de baixa qualidade nem sempre aparece imediatamente ap\u00f3s a instala\u00e7\u00e3o. Muitas falhas surgem com o tempo, principalmente quando o componente fica exposto a esfor\u00e7o cont\u00ednuo ou condi\u00e7\u00f5es ambientais severas.<\/span><\/p>\n<p><span style=\"font-weight: 400;\">Uma presilha com material inadequado, dimens\u00f5es inconsistentes ou prote\u00e7\u00e3o superficial insuficiente pode perder desempenho antes do esperado. <\/span><b>Quando a fixa\u00e7\u00e3o deixa de funcionar corretamente, todo o conjunto ao seu redor pode ser afetado.<\/b><\/p>\n<p><span style=\"font-weight: 400;\">Entre os principais problemas est\u00e3o:<\/span><\/p>\n<ul>\n<li style=\"font-weight: 400;\" aria-level=\"1\"><span style=\"font-weight: 400;\">corros\u00e3o prematura;<\/span><\/li>\n<li style=\"font-weight: 400;\" aria-level=\"1\"><span style=\"font-weight: 400;\">perda da capacidade de fixa\u00e7\u00e3o;<\/span><\/li>\n<li style=\"font-weight: 400;\" aria-level=\"1\"><span style=\"font-weight: 400;\">movimenta\u00e7\u00e3o dos componentes instalados;<\/span><\/li>\n<li style=\"font-weight: 400;\" aria-level=\"1\"><span style=\"font-weight: 400;\">necessidade frequente de substitui\u00e7\u00e3o;<\/span><\/li>\n<li style=\"font-weight: 400;\" aria-level=\"1\"><span style=\"font-weight: 400;\">aumento dos custos de manuten\u00e7\u00e3o;<\/span><\/li>\n<li style=\"font-weight: 400;\" aria-level=\"1\"><span style=\"font-weight: 400;\">redu\u00e7\u00e3o da confiabilidade da montagem.<\/span><\/li>\n<\/ul>\n<p><span style=\"font-weight: 400;\">Por esse motivo, avaliar somente o pre\u00e7o unit\u00e1rio pode levar a uma decis\u00e3o pouco eficiente. O custo da pe\u00e7a precisa ser analisado junto com sua durabilidade, confiabilidade e impacto sobre as etapas seguintes do projeto.<\/span><\/p>\n<h2><span class=\"ez-toc-section\" id=\"Como_escolher_uma_presilha_bifilar_circular\"><\/span><b>Como escolher uma presilha bifilar circular?<\/b><span class=\"ez-toc-section-end\"><\/span><\/h2>\n<p><span style=\"font-weight: 400;\">Antes de comprar uma presilha bifilar circular, vale analisar as exig\u00eancias reais da aplica\u00e7\u00e3o. Um projeto instalado em ambiente protegido apresenta condi\u00e7\u00f5es diferentes de outro exposto continuamente ao clima, por exemplo.<\/span><\/p>\n<p><span style=\"font-weight: 400;\">A primeira avalia\u00e7\u00e3o deve considerar o <\/span><b>local de instala\u00e7\u00e3o<\/b><span style=\"font-weight: 400;\">, o<\/span><b> tipo de superf\u00edcie <\/b><span style=\"font-weight: 400;\">e as <\/span><b>condi\u00e7\u00f5es <\/b><span style=\"font-weight: 400;\">\u00e0s quais a fixa\u00e7\u00e3o ficar\u00e1 submetida. A qualidade de fabrica\u00e7\u00e3o tamb\u00e9m precisa entrar nessa an\u00e1lise.<\/span><\/p>\n<p><span style=\"font-weight: 400;\">Observe pontos como <\/span><b>resist\u00eancia \u00e0 corros\u00e3o, precis\u00e3o das dimens\u00f5es, acabamento, resist\u00eancia da pe\u00e7a e confiabilidade do fabricante<\/b><span style=\"font-weight: 400;\">. Esses crit\u00e9rios ajudam a reduzir riscos durante a montagem e ao longo da utiliza\u00e7\u00e3o.<\/span><\/p>\n<p><span style=\"font-weight: 400;\">Outro aspecto importante \u00e9 contar com suporte t\u00e9cnico. Quando existe d\u00favida sobre aplica\u00e7\u00e3o ou especifica\u00e7\u00e3o, ter acesso a uma equipe especializada facilita a escolha e evita compras incompat\u00edveis com as necessidades do projeto.<\/span><\/p>\n<h2><span class=\"ez-toc-section\" id=\"FP_Parafusos_e_solucoes_para_sistemas_de_fixacao\"><\/span><b>FP Parafusos e solu\u00e7\u00f5es para sistemas de fixa\u00e7\u00e3o<\/b><span class=\"ez-toc-section-end\"><\/span><\/h2>\n<p><span style=\"font-weight: 400;\">A <\/span><b>FP Parafusos <\/b><span style=\"font-weight: 400;\">atua na fabrica\u00e7\u00e3o e no fornecimento de sistemas de fixa\u00e7\u00e3o galvanizados destinados a setores como eletrifica\u00e7\u00e3o, telecomunica\u00e7\u00f5es e saneamento.<\/span><\/p>\n<p><span style=\"font-weight: 400;\">A empresa trabalha com uma linha desenvolvida para diferentes demandas de infraestrutura, combinando experi\u00eancia t\u00e9cnica, agilidade no atendimento e solu\u00e7\u00f5es voltadas \u00e0s necessidades espec\u00edficas de cada projeto.<\/span><\/p>\n<p><span style=\"font-weight: 400;\">Entre os produtos dispon\u00edveis est\u00e3o a <\/span><b>presilha bifilar circular, presilha para fita de a\u00e7o bifilar, parafusos PCQ e chapa de aterramento<\/b><span style=\"font-weight: 400;\">. Cada componente atende fun\u00e7\u00f5es espec\u00edficas dentro de sistemas de montagem, fixa\u00e7\u00e3o ou infraestrutura el\u00e9trica.<\/span><\/p>\n<p><span style=\"font-weight: 400;\">O suporte t\u00e9cnico tamb\u00e9m faz parte desse processo. Para compradores, respons\u00e1veis por suprimentos e profissionais que participam da especifica\u00e7\u00e3o de materiais, essa proximidade ajuda a encontrar solu\u00e7\u00f5es compat\u00edveis com requisitos t\u00e9cnicos e prazos de execu\u00e7\u00e3o.<\/span><\/p>\n<ul>\n<li style=\"font-weight: 400;\" aria-level=\"1\"><a href=\"https:\/\/www.fpparafusos.com.br\/blog\/parafusos\/fabricante-de-parafusos-para-concreto-como-escolher\/\"><span style=\"font-weight: 400;\">Fabricante de parafusos para concreto: como escolher<\/span><\/a><\/li>\n<\/ul>\n<h2><span class=\"ez-toc-section\" id=\"Escolha_sua_presilha_bifilar_circular_com_seguranca\"><\/span><b>Escolha sua presilha bifilar circular com seguran\u00e7a<\/b><span class=\"ez-toc-section-end\"><\/span><\/h2>\n<p><span style=\"font-weight: 400;\">A <\/span><a href=\"https:\/\/www.fpparafusos.com.br\/presilha-bifilar\"><b>presilha bifilar circular<\/b><\/a><span style=\"font-weight: 400;\"> pode parecer um componente simples dentro de um projeto de eletrifica\u00e7\u00e3o, mas sua qualidade influencia estabilidade, durabilidade e confiabilidade da instala\u00e7\u00e3o.<\/span><\/p>\n<p><span style=\"font-weight: 400;\">Avaliar resist\u00eancia \u00e0 corros\u00e3o, capacidade de fixa\u00e7\u00e3o, acabamento e proced\u00eancia ajuda a reduzir falhas e evita que uma escolha baseada somente em pre\u00e7o gere custos adicionais posteriormente.<\/span><\/p>\n<p><span style=\"font-weight: 400;\">Para projetos que exigem sistemas de fixa\u00e7\u00e3o confi\u00e1veis, contar com um fornecedor especializado tamb\u00e9m torna o processo de compra mais seguro.<\/span><\/p>\n<p><b>Precisa de presilha bifilar circular para seu projeto? <\/b><a href=\"https:\/\/api.whatsapp.com\/send?phone=551334562042\"><b>Entre em contato com a FP Parafusos<\/b><\/a><b>, apresente as necessidades da sua aplica\u00e7\u00e3o e solicite uma solu\u00e7\u00e3o adequada para sua opera\u00e7\u00e3o.<\/b><\/p>\n","protected":false},"excerpt":{"rendered":"<p><span class=\"span-reading-time rt-reading-time\" style=\"display: block;\"><span class=\"rt-label rt-prefix\">Tempo de leitura<\/span> <span class=\"rt-time\"> 4<\/span> <span class=\"rt-label rt-postfix\">minutos<\/span><\/span>Entenda como a presilha bifilar circular contribui para projetos de eletrifica\u00e7\u00e3o, quais aplica\u00e7\u00f5es atende e o que avaliar antes da compra. Presilha bifilar circular em projetos de eletrifica\u00e7\u00e3o A presilha bifilar circular \u00e9 um componente utilizado para proporcionar uma fixa\u00e7\u00e3o&#8230;<\/p>\n","protected":false},"author":1,"featured_media":277,"comment_status":"open","ping_status":"open","sticky":false,"template":"","format":"standard","meta":{"footnotes":""},"categories":[3],"tags":[2647,2650,2640,2644,2637,2018,2653,2677,2703,2632,2678,2704,882,2628,2631,2679,2705,658,2642,2639,2638,2350,2649,429,2655,2659,2672,2663,2669,2673,2670,2674,2671,2658,2657,2645,2624,2681,2685,2698,2689,2695,2699,2696,2700,2697,2684,2683,2701,2688,2693,2691,2690,2694,2692,2702,2680,2686,2682,2687,2641,2675,2662,2667,2665,2664,2668,2666,2676,2654,2660,2651,2656,2661,2627,2635,2630,2625,2707,2711,2724,2715,2721,2725,2722,2726,2723,2710,2709,2727,2714,2719,2717,2716,2720,2718,2728,2706,2712,2708,2713,2633,2636,2626,2629,2652,2646,2643,2648,2433,2634],"class_list":["post-275","post","type-post","status-publish","format-standard","has-post-thumbnail","hentry","category-presilha-bifilar","tag-como-avaliar-uma-presilha-bifilar-circular","tag-como-escolher-fornecedor-de-presilha-bifilar-circular","tag-como-escolher-presilha-bifilar-circular","tag-como-instalar-presilha-bifilar-circular","tag-componentes-de-fixacao-galvanizados","tag-componentes-para-eletrificacao","tag-fabrica-de-presilha-bifilar-circular","tag-fabrica-de-presilha-bifilar-circular-galvanizada","tag-fabrica-de-presilha-para-eletrificacao","tag-fabricante-de-presilha-bifilar-circular","tag-fabricante-de-presilha-bifilar-circular-galvanizada","tag-fabricante-de-presilha-para-eletrificacao","tag-fixacao-galvanizada","tag-fixacao-para-eletrificacao","tag-fornecedor-de-presilha-bifilar-circular","tag-fornecedor-de-presilha-bifilar-circular-galvanizada","tag-fornecedor-de-presilha-para-eletrificacao","tag-fp-parafusos","tag-onde-comprar-presilha-bifilar-circular","tag-onde-usar-presilha-bifilar-circular","tag-para-que-serve-a-presilha-bifilar-circular","tag-parafusos-para-eletrificacao","tag-por-que-usar-presilha-galvanizada","tag-presilha-bifilar-circular","tag-presilha-bifilar-circular-comprar","tag-presilha-bifilar-circular-direto-da-fabrica","tag-presilha-bifilar-circular-em-diadema","tag-presilha-bifilar-circular-em-guaianases","tag-presilha-bifilar-circular-em-guarulhos","tag-presilha-bifilar-circular-em-osasco","tag-presilha-bifilar-circular-em-santo-andre","tag-presilha-bifilar-circular-em-sao-bernardo","tag-presilha-bifilar-circular-em-sao-caetano","tag-presilha-bifilar-circular-em-sao-paulo","tag-presilha-bifilar-circular-em-sp","tag-presilha-bifilar-circular-enferruja","tag-presilha-bifilar-circular-galvanizada","tag-presilha-bifilar-circular-galvanizada-comprar","tag-presilha-bifilar-circular-galvanizada-direto-da-fabrica","tag-presilha-bifilar-circular-galvanizada-em-diadema","tag-presilha-bifilar-circular-galvanizada-em-guaianases","tag-presilha-bifilar-circular-galvanizada-em-guarulhos","tag-presilha-bifilar-circular-galvanizada-em-osasco","tag-presilha-bifilar-circular-galvanizada-em-santo-andre","tag-presilha-bifilar-circular-galvanizada-em-sao-bernardo","tag-presilha-bifilar-circular-galvanizada-em-sao-caetano","tag-presilha-bifilar-circular-galvanizada-em-sao-paulo","tag-presilha-bifilar-circular-galvanizada-em-sp","tag-presilha-bifilar-circular-galvanizada-na-baixada-santista","tag-presilha-bifilar-circular-galvanizada-na-zona-leste","tag-presilha-bifilar-circular-galvanizada-na-zona-norte","tag-presilha-bifilar-circular-galvanizada-na-zona-oeste","tag-presilha-bifilar-circular-galvanizada-na-zona-sul","tag-presilha-bifilar-circular-galvanizada-no-abc","tag-presilha-bifilar-circular-galvanizada-no-centro","tag-presilha-bifilar-circular-galvanizada-no-litoral","tag-presilha-bifilar-circular-galvanizada-onde-encontrar","tag-presilha-bifilar-circular-galvanizada-perto-de-mim","tag-presilha-bifilar-circular-galvanizada-preco","tag-presilha-bifilar-circular-galvanizada-proximo-a-mim","tag-presilha-bifilar-circular-galvanizada-vale-a-pena","tag-presilha-bifilar-circular-na-baixada-santista","tag-presilha-bifilar-circular-na-zona-leste","tag-presilha-bifilar-circular-na-zona-norte","tag-presilha-bifilar-circular-na-zona-oeste","tag-presilha-bifilar-circular-na-zona-sul","tag-presilha-bifilar-circular-no-abc","tag-presilha-bifilar-circular-no-centro","tag-presilha-bifilar-circular-no-litoral","tag-presilha-bifilar-circular-onde-encontrar","tag-presilha-bifilar-circular-perto-de-mim","tag-presilha-bifilar-circular-pode-ser-usada-em-area-externa","tag-presilha-bifilar-circular-preco","tag-presilha-bifilar-circular-proximo-a-mim","tag-presilha-bifilar-para-eletrificacao","tag-presilha-industrial-galvanizada","tag-presilha-para-area-externa","tag-presilha-para-eletrificacao","tag-presilha-para-eletrificacao-comprar","tag-presilha-para-eletrificacao-direto-da-fabrica","tag-presilha-para-eletrificacao-em-diadema","tag-presilha-para-eletrificacao-em-guaianases","tag-presilha-para-eletrificacao-em-guarulhos","tag-presilha-para-eletrificacao-em-osasco","tag-presilha-para-eletrificacao-em-santo-andre","tag-presilha-para-eletrificacao-em-sao-bernardo","tag-presilha-para-eletrificacao-em-sao-caetano","tag-presilha-para-eletrificacao-em-sao-paulo","tag-presilha-para-eletrificacao-em-sp","tag-presilha-para-eletrificacao-na-baixada-santista","tag-presilha-para-eletrificacao-na-zona-leste","tag-presilha-para-eletrificacao-na-zona-norte","tag-presilha-para-eletrificacao-na-zona-oeste","tag-presilha-para-eletrificacao-na-zona-sul","tag-presilha-para-eletrificacao-no-abc","tag-presilha-para-eletrificacao-no-centro","tag-presilha-para-eletrificacao-no-litoral","tag-presilha-para-eletrificacao-onde-encontrar","tag-presilha-para-eletrificacao-perto-de-mim","tag-presilha-para-eletrificacao-preco","tag-presilha-para-eletrificacao-proximo-a-mim","tag-presilha-para-estrutura-eletrica","tag-presilha-para-montagem-eletrica","tag-presilha-para-projeto-eletrico","tag-presilha-resistente-a-corrosao","tag-quais-as-vantagens-da-presilha-bifilar-circular","tag-qual-a-funcao-da-presilha-bifilar-circular","tag-qual-a-melhor-presilha-bifilar-circular","tag-qual-presilha-usar-em-projetos-de-eletrificacao","tag-sistema-de-fixacao-galvanizado","tag-sistemas-de-fixacao-eletrica"],"yoast_head":"<!-- This site is optimized with the Yoast SEO plugin v27.1.1 - https:\/\/yoast.com\/product\/yoast-seo-wordpress\/ -->\n<title>Presilha bifilar circular para projetos de eletrifica\u00e7\u00e3o - Blog | FP<\/title>\n<meta name=\"description\" content=\"Entenda como a presilha bifilar circular contribui para projetos de eletrifica\u00e7\u00e3o, quais aplica\u00e7\u00f5es atende e o que avaliar antes da compra.\" \/>\n<meta name=\"robots\" content=\"index, follow, max-snippet:-1, max-image-preview:large, max-video-preview:-1\" \/>\n<link rel=\"canonical\" href=\"https:\/\/www.fpparafusos.com.br\/blog\/presilha-bifilar\/presilha-bifilar-circular-para-projetos-de-eletrificacao\/\" \/>\n<meta property=\"og:locale\" content=\"pt_BR\" \/>\n<meta property=\"og:type\" content=\"article\" \/>\n<meta property=\"og:title\" content=\"Presilha bifilar circular para projetos de eletrifica\u00e7\u00e3o - Blog | FP\" \/>\n<meta property=\"og:description\" content=\"Entenda como a presilha bifilar circular contribui para projetos de eletrifica\u00e7\u00e3o, quais aplica\u00e7\u00f5es atende e o que avaliar antes da compra.\" \/>\n<meta property=\"og:url\" content=\"https:\/\/www.fpparafusos.com.br\/blog\/presilha-bifilar\/presilha-bifilar-circular-para-projetos-de-eletrificacao\/\" \/>\n<meta property=\"og:site_name\" content=\"Blog | FP\" \/>\n<meta property=\"article:published_time\" content=\"2026-09-03T20:19:22+00:00\" \/>\n<meta property=\"og:image\" content=\"https:\/\/www.fpparafusos.com.br\/blog\/wp-content\/uploads\/2026\/09\/image-2026-09-03T171824.071.jpg\" \/>\n\t<meta property=\"og:image:width\" content=\"1672\" \/>\n\t<meta property=\"og:image:height\" content=\"941\" \/>\n\t<meta property=\"og:image:type\" content=\"image\/jpeg\" \/>\n<meta name=\"author\" content=\"admin\" \/>\n<meta name=\"twitter:card\" content=\"summary_large_image\" \/>\n<meta name=\"twitter:label1\" content=\"Escrito por\" \/>\n\t<meta name=\"twitter:data1\" content=\"admin\" \/>\n\t<meta name=\"twitter:label2\" content=\"Est. tempo de leitura\" \/>\n\t<meta name=\"twitter:data2\" content=\"7 minutos\" \/>\n<script type=\"application\/ld+json\" class=\"yoast-schema-graph\">{\"@context\":\"https:\/\/schema.org\",\"@graph\":[{\"@type\":\"Article\",\"@id\":\"https:\/\/www.fpparafusos.com.br\/blog\/presilha-bifilar\/presilha-bifilar-circular-para-projetos-de-eletrificacao\/#article\",\"isPartOf\":{\"@id\":\"https:\/\/www.fpparafusos.com.br\/blog\/presilha-bifilar\/presilha-bifilar-circular-para-projetos-de-eletrificacao\/\"},\"author\":{\"name\":\"admin\",\"@id\":\"https:\/\/www.fpparafusos.com.br\/blog\/#\/schema\/person\/9c7b7798f8ed51bc8133e531147ec164\"},\"headline\":\"Presilha bifilar circular para projetos de eletrifica\u00e7\u00e3o\",\"datePublished\":\"2026-09-03T20:19:22+00:00\",\"mainEntityOfPage\":{\"@id\":\"https:\/\/www.fpparafusos.com.br\/blog\/presilha-bifilar\/presilha-bifilar-circular-para-projetos-de-eletrificacao\/\"},\"wordCount\":1287,\"commentCount\":0,\"publisher\":{\"@id\":\"https:\/\/www.fpparafusos.com.br\/blog\/#organization\"},\"image\":{\"@id\":\"https:\/\/www.fpparafusos.com.br\/blog\/presilha-bifilar\/presilha-bifilar-circular-para-projetos-de-eletrificacao\/#primaryimage\"},\"thumbnailUrl\":\"https:\/\/www.fpparafusos.com.br\/blog\/wp-content\/uploads\/2026\/09\/image-2026-09-03T171824.071.jpg\",\"keywords\":[\"como avaliar uma presilha bifilar circular?\",\"como escolher fornecedor de presilha bifilar circular?\",\"como escolher presilha bifilar circular?\",\"como instalar presilha bifilar circular?\",\"componentes de fixa\u00e7\u00e3o galvanizados\",\"componentes para eletrifica\u00e7\u00e3o\",\"f\u00e1brica de presilha bifilar circular\",\"f\u00e1brica de presilha bifilar circular galvanizada\",\"f\u00e1brica de presilha para eletrifica\u00e7\u00e3o\",\"fabricante de presilha bifilar circular\",\"fabricante de presilha bifilar circular galvanizada\",\"fabricante de presilha para eletrifica\u00e7\u00e3o\",\"fixa\u00e7\u00e3o galvanizada\",\"fixa\u00e7\u00e3o para eletrifica\u00e7\u00e3o\",\"fornecedor de presilha bifilar circular\",\"fornecedor de presilha bifilar circular galvanizada\",\"fornecedor de presilha para eletrifica\u00e7\u00e3o\",\"FP Parafusos\",\"onde comprar presilha bifilar circular?\",\"onde usar presilha bifilar circular?\",\"para que serve a presilha bifilar circular?\",\"parafusos para eletrifica\u00e7\u00e3o\",\"por que usar presilha galvanizada?\",\"Presilha bifilar circular\",\"presilha bifilar circular comprar\",\"presilha bifilar circular direto da fabrica\",\"presilha bifilar circular em Diadema\",\"presilha bifilar circular em guaianases\",\"presilha bifilar circular em Guarulhos\",\"presilha bifilar circular em Osasco\",\"presilha bifilar circular em Santo Andr\u00e9\",\"presilha bifilar circular em S\u00e3o Bernardo\",\"presilha bifilar circular em S\u00e3o Caetano\",\"presilha bifilar circular em s\u00e3o paulo\",\"presilha bifilar circular em sp\",\"presilha bifilar circular enferruja?\",\"presilha bifilar circular galvanizada\",\"presilha bifilar circular galvanizada comprar\",\"presilha bifilar circular galvanizada direto da fabrica\",\"presilha bifilar circular galvanizada em Diadema\",\"presilha bifilar circular galvanizada em guaianases\",\"presilha bifilar circular galvanizada em Guarulhos\",\"presilha bifilar circular galvanizada em Osasco\",\"presilha bifilar circular galvanizada em Santo Andr\u00e9\",\"presilha bifilar circular galvanizada em S\u00e3o Bernardo\",\"presilha bifilar circular galvanizada em S\u00e3o Caetano\",\"presilha bifilar circular galvanizada em s\u00e3o paulo\",\"presilha bifilar circular galvanizada em sp\",\"presilha bifilar circular galvanizada na baixada santista\",\"presilha bifilar circular galvanizada na zona leste\",\"presilha bifilar circular galvanizada na zona norte\",\"presilha bifilar circular galvanizada na zona oeste\",\"presilha bifilar circular galvanizada na zona sul\",\"presilha bifilar circular galvanizada no ABC\",\"presilha bifilar circular galvanizada no centro\",\"presilha bifilar circular galvanizada no litoral\",\"presilha bifilar circular galvanizada onde encontrar\",\"presilha bifilar circular galvanizada perto de mim\",\"presilha bifilar circular galvanizada pre\u00e7o\",\"presilha bifilar circular galvanizada pr\u00f3ximo a mim\",\"presilha bifilar circular galvanizada vale a pena?\",\"presilha bifilar circular na baixada santista\",\"presilha bifilar circular na zona leste\",\"presilha bifilar circular na zona norte\",\"presilha bifilar circular na zona oeste\",\"presilha bifilar circular na zona sul\",\"presilha bifilar circular no ABC\",\"presilha bifilar circular no centro\",\"presilha bifilar circular no litoral\",\"presilha bifilar circular onde encontrar\",\"presilha bifilar circular perto de mim\",\"presilha bifilar circular pode ser usada em \u00e1rea externa?\",\"presilha bifilar circular pre\u00e7o\",\"presilha bifilar circular pr\u00f3ximo a mim\",\"presilha bifilar para eletrifica\u00e7\u00e3o\",\"presilha industrial galvanizada\",\"presilha para \u00e1rea externa\",\"presilha para eletrifica\u00e7\u00e3o\",\"presilha para eletrifica\u00e7\u00e3o comprar\",\"presilha para eletrifica\u00e7\u00e3o direto da fabrica\",\"presilha para eletrifica\u00e7\u00e3o em Diadema\",\"presilha para eletrifica\u00e7\u00e3o em guaianases\",\"presilha para eletrifica\u00e7\u00e3o em Guarulhos\",\"presilha para eletrifica\u00e7\u00e3o em Osasco\",\"presilha para eletrifica\u00e7\u00e3o em Santo Andr\u00e9\",\"presilha para eletrifica\u00e7\u00e3o em S\u00e3o Bernardo\",\"presilha para eletrifica\u00e7\u00e3o em S\u00e3o Caetano\",\"presilha para eletrifica\u00e7\u00e3o em s\u00e3o paulo\",\"presilha para eletrifica\u00e7\u00e3o em sp\",\"presilha para eletrifica\u00e7\u00e3o na baixada santista\",\"presilha para eletrifica\u00e7\u00e3o na zona leste\",\"presilha para eletrifica\u00e7\u00e3o na zona norte\",\"presilha para eletrifica\u00e7\u00e3o na zona oeste\",\"presilha para eletrifica\u00e7\u00e3o na zona sul\",\"presilha para eletrifica\u00e7\u00e3o no ABC\",\"presilha para eletrifica\u00e7\u00e3o no centro\",\"presilha para eletrifica\u00e7\u00e3o no litoral\",\"presilha para eletrifica\u00e7\u00e3o onde encontrar\",\"presilha para eletrifica\u00e7\u00e3o perto de mim\",\"presilha para eletrifica\u00e7\u00e3o pre\u00e7o\",\"presilha para eletrifica\u00e7\u00e3o pr\u00f3ximo a mim\",\"presilha para estrutura el\u00e9trica\",\"presilha para montagem el\u00e9trica\",\"presilha para projeto el\u00e9trico\",\"presilha resistente \u00e0 corros\u00e3o\",\"quais as vantagens da presilha bifilar circular?\",\"qual a fun\u00e7\u00e3o da presilha bifilar circular?\",\"qual a melhor presilha bifilar circular?\",\"qual presilha usar em projetos de eletrifica\u00e7\u00e3o?\",\"sistema de fixa\u00e7\u00e3o galvanizado\",\"sistemas de fixa\u00e7\u00e3o el\u00e9trica\"],\"articleSection\":[\"Presilha Bifilar\"],\"inLanguage\":\"pt-BR\",\"potentialAction\":[{\"@type\":\"CommentAction\",\"name\":\"Comment\",\"target\":[\"https:\/\/www.fpparafusos.com.br\/blog\/presilha-bifilar\/presilha-bifilar-circular-para-projetos-de-eletrificacao\/#respond\"]}]},{\"@type\":\"WebPage\",\"@id\":\"https:\/\/www.fpparafusos.com.br\/blog\/presilha-bifilar\/presilha-bifilar-circular-para-projetos-de-eletrificacao\/\",\"url\":\"https:\/\/www.fpparafusos.com.br\/blog\/presilha-bifilar\/presilha-bifilar-circular-para-projetos-de-eletrificacao\/\",\"name\":\"Presilha bifilar circular para projetos de eletrifica\u00e7\u00e3o - Blog | FP\",\"isPartOf\":{\"@id\":\"https:\/\/www.fpparafusos.com.br\/blog\/#website\"},\"primaryImageOfPage\":{\"@id\":\"https:\/\/www.fpparafusos.com.br\/blog\/presilha-bifilar\/presilha-bifilar-circular-para-projetos-de-eletrificacao\/#primaryimage\"},\"image\":{\"@id\":\"https:\/\/www.fpparafusos.com.br\/blog\/presilha-bifilar\/presilha-bifilar-circular-para-projetos-de-eletrificacao\/#primaryimage\"},\"thumbnailUrl\":\"https:\/\/www.fpparafusos.com.br\/blog\/wp-content\/uploads\/2026\/09\/image-2026-09-03T171824.071.jpg\",\"datePublished\":\"2026-09-03T20:19:22+00:00\",\"description\":\"Entenda como a presilha bifilar circular contribui para projetos de eletrifica\u00e7\u00e3o, quais aplica\u00e7\u00f5es atende e o que avaliar antes da compra.\",\"breadcrumb\":{\"@id\":\"https:\/\/www.fpparafusos.com.br\/blog\/presilha-bifilar\/presilha-bifilar-circular-para-projetos-de-eletrificacao\/#breadcrumb\"},\"inLanguage\":\"pt-BR\",\"potentialAction\":[{\"@type\":\"ReadAction\",\"target\":[\"https:\/\/www.fpparafusos.com.br\/blog\/presilha-bifilar\/presilha-bifilar-circular-para-projetos-de-eletrificacao\/\"]}]},{\"@type\":\"ImageObject\",\"inLanguage\":\"pt-BR\",\"@id\":\"https:\/\/www.fpparafusos.com.br\/blog\/presilha-bifilar\/presilha-bifilar-circular-para-projetos-de-eletrificacao\/#primaryimage\",\"url\":\"https:\/\/www.fpparafusos.com.br\/blog\/wp-content\/uploads\/2026\/09\/image-2026-09-03T171824.071.jpg\",\"contentUrl\":\"https:\/\/www.fpparafusos.com.br\/blog\/wp-content\/uploads\/2026\/09\/image-2026-09-03T171824.071.jpg\",\"width\":1672,\"height\":941,\"caption\":\"Presilha bifilar circular para projetos de eletrifica\u00e7\u00e3o\"},{\"@type\":\"BreadcrumbList\",\"@id\":\"https:\/\/www.fpparafusos.com.br\/blog\/presilha-bifilar\/presilha-bifilar-circular-para-projetos-de-eletrificacao\/#breadcrumb\",\"itemListElement\":[{\"@type\":\"ListItem\",\"position\":1,\"name\":\"In\u00edcio\",\"item\":\"https:\/\/www.fpparafusos.com.br\/blog\/\"},{\"@type\":\"ListItem\",\"position\":2,\"name\":\"Presilha bifilar circular para projetos de eletrifica\u00e7\u00e3o\"}]},{\"@type\":\"WebSite\",\"@id\":\"https:\/\/www.fpparafusos.com.br\/blog\/#website\",\"url\":\"https:\/\/www.fpparafusos.com.br\/blog\/\",\"name\":\"Blog | FP\",\"description\":\"FP Parafusos e Ferragens\",\"publisher\":{\"@id\":\"https:\/\/www.fpparafusos.com.br\/blog\/#organization\"},\"potentialAction\":[{\"@type\":\"SearchAction\",\"target\":{\"@type\":\"EntryPoint\",\"urlTemplate\":\"https:\/\/www.fpparafusos.com.br\/blog\/?s={search_term_string}\"},\"query-input\":{\"@type\":\"PropertyValueSpecification\",\"valueRequired\":true,\"valueName\":\"search_term_string\"}}],\"inLanguage\":\"pt-BR\"},{\"@type\":\"Organization\",\"@id\":\"https:\/\/www.fpparafusos.com.br\/blog\/#organization\",\"name\":\"Blog | FP\",\"url\":\"https:\/\/www.fpparafusos.com.br\/blog\/\",\"logo\":{\"@type\":\"ImageObject\",\"inLanguage\":\"pt-BR\",\"@id\":\"https:\/\/www.fpparafusos.com.br\/blog\/#\/schema\/logo\/image\/\",\"url\":\"https:\/\/www.fpparafusos.com.br\/blog\/wp-content\/uploads\/2024\/05\/logo-1.png\",\"contentUrl\":\"https:\/\/www.fpparafusos.com.br\/blog\/wp-content\/uploads\/2024\/05\/logo-1.png\",\"width\":137,\"height\":101,\"caption\":\"Blog | FP \"},\"image\":{\"@id\":\"https:\/\/www.fpparafusos.com.br\/blog\/#\/schema\/logo\/image\/\"}},{\"@type\":\"Person\",\"@id\":\"https:\/\/www.fpparafusos.com.br\/blog\/#\/schema\/person\/9c7b7798f8ed51bc8133e531147ec164\",\"name\":\"admin\",\"image\":{\"@type\":\"ImageObject\",\"inLanguage\":\"pt-BR\",\"@id\":\"https:\/\/www.fpparafusos.com.br\/blog\/#\/schema\/person\/image\/\",\"url\":\"https:\/\/secure.gravatar.com\/avatar\/e5be426f87eadfe7213afde96b2070b11a5fb92437dc192a9bf63163b3d5dd6b?s=96&d=mm&r=g\",\"contentUrl\":\"https:\/\/secure.gravatar.com\/avatar\/e5be426f87eadfe7213afde96b2070b11a5fb92437dc192a9bf63163b3d5dd6b?s=96&d=mm&r=g\",\"caption\":\"admin\"},\"sameAs\":[\"https:\/\/fpparafusos.com.br\/blog\"],\"url\":\"https:\/\/www.fpparafusos.com.br\/blog\/author\/admin\/\"}]}<\/script>\n<!-- \/ Yoast SEO plugin. -->","yoast_head_json":{"title":"Presilha bifilar circular para projetos de eletrifica\u00e7\u00e3o - Blog | FP","description":"Entenda como a presilha bifilar circular contribui para projetos de eletrifica\u00e7\u00e3o, quais aplica\u00e7\u00f5es atende e o que avaliar antes da compra.","robots":{"index":"index","follow":"follow","max-snippet":"max-snippet:-1","max-image-preview":"max-image-preview:large","max-video-preview":"max-video-preview:-1"},"canonical":"https:\/\/www.fpparafusos.com.br\/blog\/presilha-bifilar\/presilha-bifilar-circular-para-projetos-de-eletrificacao\/","og_locale":"pt_BR","og_type":"article","og_title":"Presilha bifilar circular para projetos de eletrifica\u00e7\u00e3o - Blog | FP","og_description":"Entenda como a presilha bifilar circular contribui para projetos de eletrifica\u00e7\u00e3o, quais aplica\u00e7\u00f5es atende e o que avaliar antes da compra.","og_url":"https:\/\/www.fpparafusos.com.br\/blog\/presilha-bifilar\/presilha-bifilar-circular-para-projetos-de-eletrificacao\/","og_site_name":"Blog | FP","article_published_time":"2026-09-03T20:19:22+00:00","og_image":[{"width":1672,"height":941,"url":"https:\/\/www.fpparafusos.com.br\/blog\/wp-content\/uploads\/2026\/09\/image-2026-09-03T171824.071.jpg","type":"image\/jpeg"}],"author":"admin","twitter_card":"summary_large_image","twitter_misc":{"Escrito por":"admin","Est. tempo de leitura":"7 minutos"},"schema":{"@context":"https:\/\/schema.org","@graph":[{"@type":"Article","@id":"https:\/\/www.fpparafusos.com.br\/blog\/presilha-bifilar\/presilha-bifilar-circular-para-projetos-de-eletrificacao\/#article","isPartOf":{"@id":"https:\/\/www.fpparafusos.com.br\/blog\/presilha-bifilar\/presilha-bifilar-circular-para-projetos-de-eletrificacao\/"},"author":{"name":"admin","@id":"https:\/\/www.fpparafusos.com.br\/blog\/#\/schema\/person\/9c7b7798f8ed51bc8133e531147ec164"},"headline":"Presilha bifilar circular para projetos de eletrifica\u00e7\u00e3o","datePublished":"2026-09-03T20:19:22+00:00","mainEntityOfPage":{"@id":"https:\/\/www.fpparafusos.com.br\/blog\/presilha-bifilar\/presilha-bifilar-circular-para-projetos-de-eletrificacao\/"},"wordCount":1287,"commentCount":0,"publisher":{"@id":"https:\/\/www.fpparafusos.com.br\/blog\/#organization"},"image":{"@id":"https:\/\/www.fpparafusos.com.br\/blog\/presilha-bifilar\/presilha-bifilar-circular-para-projetos-de-eletrificacao\/#primaryimage"},"thumbnailUrl":"https:\/\/www.fpparafusos.com.br\/blog\/wp-content\/uploads\/2026\/09\/image-2026-09-03T171824.071.jpg","keywords":["como avaliar uma presilha bifilar circular?","como escolher fornecedor de presilha bifilar circular?","como escolher presilha bifilar circular?","como instalar presilha bifilar circular?","componentes de fixa\u00e7\u00e3o galvanizados","componentes para eletrifica\u00e7\u00e3o","f\u00e1brica de presilha bifilar circular","f\u00e1brica de presilha bifilar circular galvanizada","f\u00e1brica de presilha para eletrifica\u00e7\u00e3o","fabricante de presilha bifilar circular","fabricante de presilha bifilar circular galvanizada","fabricante de presilha para eletrifica\u00e7\u00e3o","fixa\u00e7\u00e3o galvanizada","fixa\u00e7\u00e3o para eletrifica\u00e7\u00e3o","fornecedor de presilha bifilar circular","fornecedor de presilha bifilar circular galvanizada","fornecedor de presilha para eletrifica\u00e7\u00e3o","FP Parafusos","onde comprar presilha bifilar circular?","onde usar presilha bifilar circular?","para que serve a presilha bifilar circular?","parafusos para eletrifica\u00e7\u00e3o","por que usar presilha galvanizada?","Presilha bifilar circular","presilha bifilar circular comprar","presilha bifilar circular direto da fabrica","presilha bifilar circular em Diadema","presilha bifilar circular em guaianases","presilha bifilar circular em Guarulhos","presilha bifilar circular em Osasco","presilha bifilar circular em Santo Andr\u00e9","presilha bifilar circular em S\u00e3o Bernardo","presilha bifilar circular em S\u00e3o Caetano","presilha bifilar circular em s\u00e3o paulo","presilha bifilar circular em sp","presilha bifilar circular enferruja?","presilha bifilar circular galvanizada","presilha bifilar circular galvanizada comprar","presilha bifilar circular galvanizada direto da fabrica","presilha bifilar circular galvanizada em Diadema","presilha bifilar circular galvanizada em guaianases","presilha bifilar circular galvanizada em Guarulhos","presilha bifilar circular galvanizada em Osasco","presilha bifilar circular galvanizada em Santo Andr\u00e9","presilha bifilar circular galvanizada em S\u00e3o Bernardo","presilha bifilar circular galvanizada em S\u00e3o Caetano","presilha bifilar circular galvanizada em s\u00e3o paulo","presilha bifilar circular galvanizada em sp","presilha bifilar circular galvanizada na baixada santista","presilha bifilar circular galvanizada na zona leste","presilha bifilar circular galvanizada na zona norte","presilha bifilar circular galvanizada na zona oeste","presilha bifilar circular galvanizada na zona sul","presilha bifilar circular galvanizada no ABC","presilha bifilar circular galvanizada no centro","presilha bifilar circular galvanizada no litoral","presilha bifilar circular galvanizada onde encontrar","presilha bifilar circular galvanizada perto de mim","presilha bifilar circular galvanizada pre\u00e7o","presilha bifilar circular galvanizada pr\u00f3ximo a mim","presilha bifilar circular galvanizada vale a pena?","presilha bifilar circular na baixada santista","presilha bifilar circular na zona leste","presilha bifilar circular na zona norte","presilha bifilar circular na zona oeste","presilha bifilar circular na zona sul","presilha bifilar circular no ABC","presilha bifilar circular no centro","presilha bifilar circular no litoral","presilha bifilar circular onde encontrar","presilha bifilar circular perto de mim","presilha bifilar circular pode ser usada em \u00e1rea externa?","presilha bifilar circular pre\u00e7o","presilha bifilar circular pr\u00f3ximo a mim","presilha bifilar para eletrifica\u00e7\u00e3o","presilha industrial galvanizada","presilha para \u00e1rea externa","presilha para eletrifica\u00e7\u00e3o","presilha para eletrifica\u00e7\u00e3o comprar","presilha para eletrifica\u00e7\u00e3o direto da fabrica","presilha para eletrifica\u00e7\u00e3o em Diadema","presilha para eletrifica\u00e7\u00e3o em guaianases","presilha para eletrifica\u00e7\u00e3o em Guarulhos","presilha para eletrifica\u00e7\u00e3o em Osasco","presilha para eletrifica\u00e7\u00e3o em Santo Andr\u00e9","presilha para eletrifica\u00e7\u00e3o em S\u00e3o Bernardo","presilha para eletrifica\u00e7\u00e3o em S\u00e3o Caetano","presilha para eletrifica\u00e7\u00e3o em s\u00e3o paulo","presilha para eletrifica\u00e7\u00e3o em sp","presilha para eletrifica\u00e7\u00e3o na baixada santista","presilha para eletrifica\u00e7\u00e3o na zona leste","presilha para eletrifica\u00e7\u00e3o na zona norte","presilha para eletrifica\u00e7\u00e3o na zona oeste","presilha para eletrifica\u00e7\u00e3o na zona sul","presilha para eletrifica\u00e7\u00e3o no ABC","presilha para eletrifica\u00e7\u00e3o no centro","presilha para eletrifica\u00e7\u00e3o no litoral","presilha para eletrifica\u00e7\u00e3o onde encontrar","presilha para eletrifica\u00e7\u00e3o perto de mim","presilha para eletrifica\u00e7\u00e3o pre\u00e7o","presilha para eletrifica\u00e7\u00e3o pr\u00f3ximo a mim","presilha para estrutura el\u00e9trica","presilha para montagem el\u00e9trica","presilha para projeto el\u00e9trico","presilha resistente \u00e0 corros\u00e3o","quais as vantagens da presilha bifilar circular?","qual a fun\u00e7\u00e3o da presilha bifilar circular?","qual a melhor presilha bifilar circular?","qual presilha usar em projetos de eletrifica\u00e7\u00e3o?","sistema de fixa\u00e7\u00e3o galvanizado","sistemas de fixa\u00e7\u00e3o el\u00e9trica"],"articleSection":["Presilha Bifilar"],"inLanguage":"pt-BR","potentialAction":[{"@type":"CommentAction","name":"Comment","target":["https:\/\/www.fpparafusos.com.br\/blog\/presilha-bifilar\/presilha-bifilar-circular-para-projetos-de-eletrificacao\/#respond"]}]},{"@type":"WebPage","@id":"https:\/\/www.fpparafusos.com.br\/blog\/presilha-bifilar\/presilha-bifilar-circular-para-projetos-de-eletrificacao\/","url":"https:\/\/www.fpparafusos.com.br\/blog\/presilha-bifilar\/presilha-bifilar-circular-para-projetos-de-eletrificacao\/","name":"Presilha bifilar circular para projetos de eletrifica\u00e7\u00e3o - Blog | FP","isPartOf":{"@id":"https:\/\/www.fpparafusos.com.br\/blog\/#website"},"primaryImageOfPage":{"@id":"https:\/\/www.fpparafusos.com.br\/blog\/presilha-bifilar\/presilha-bifilar-circular-para-projetos-de-eletrificacao\/#primaryimage"},"image":{"@id":"https:\/\/www.fpparafusos.com.br\/blog\/presilha-bifilar\/presilha-bifilar-circular-para-projetos-de-eletrificacao\/#primaryimage"},"thumbnailUrl":"https:\/\/www.fpparafusos.com.br\/blog\/wp-content\/uploads\/2026\/09\/image-2026-09-03T171824.071.jpg","datePublished":"2026-09-03T20:19:22+00:00","description":"Entenda como a presilha bifilar circular contribui para projetos de eletrifica\u00e7\u00e3o, quais aplica\u00e7\u00f5es atende e o que avaliar antes da compra.","breadcrumb":{"@id":"https:\/\/www.fpparafusos.com.br\/blog\/presilha-bifilar\/presilha-bifilar-circular-para-projetos-de-eletrificacao\/#breadcrumb"},"inLanguage":"pt-BR","potentialAction":[{"@type":"ReadAction","target":["https:\/\/www.fpparafusos.com.br\/blog\/presilha-bifilar\/presilha-bifilar-circular-para-projetos-de-eletrificacao\/"]}]},{"@type":"ImageObject","inLanguage":"pt-BR","@id":"https:\/\/www.fpparafusos.com.br\/blog\/presilha-bifilar\/presilha-bifilar-circular-para-projetos-de-eletrificacao\/#primaryimage","url":"https:\/\/www.fpparafusos.com.br\/blog\/wp-content\/uploads\/2026\/09\/image-2026-09-03T171824.071.jpg","contentUrl":"https:\/\/www.fpparafusos.com.br\/blog\/wp-content\/uploads\/2026\/09\/image-2026-09-03T171824.071.jpg","width":1672,"height":941,"caption":"Presilha bifilar circular para projetos de eletrifica\u00e7\u00e3o"},{"@type":"BreadcrumbList","@id":"https:\/\/www.fpparafusos.com.br\/blog\/presilha-bifilar\/presilha-bifilar-circular-para-projetos-de-eletrificacao\/#breadcrumb","itemListElement":[{"@type":"ListItem","position":1,"name":"In\u00edcio","item":"https:\/\/www.fpparafusos.com.br\/blog\/"},{"@type":"ListItem","position":2,"name":"Presilha bifilar circular para projetos de eletrifica\u00e7\u00e3o"}]},{"@type":"WebSite","@id":"https:\/\/www.fpparafusos.com.br\/blog\/#website","url":"https:\/\/www.fpparafusos.com.br\/blog\/","name":"Blog | FP","description":"FP Parafusos e Ferragens","publisher":{"@id":"https:\/\/www.fpparafusos.com.br\/blog\/#organization"},"potentialAction":[{"@type":"SearchAction","target":{"@type":"EntryPoint","urlTemplate":"https:\/\/www.fpparafusos.com.br\/blog\/?s={search_term_string}"},"query-input":{"@type":"PropertyValueSpecification","valueRequired":true,"valueName":"search_term_string"}}],"inLanguage":"pt-BR"},{"@type":"Organization","@id":"https:\/\/www.fpparafusos.com.br\/blog\/#organization","name":"Blog | FP","url":"https:\/\/www.fpparafusos.com.br\/blog\/","logo":{"@type":"ImageObject","inLanguage":"pt-BR","@id":"https:\/\/www.fpparafusos.com.br\/blog\/#\/schema\/logo\/image\/","url":"https:\/\/www.fpparafusos.com.br\/blog\/wp-content\/uploads\/2024\/05\/logo-1.png","contentUrl":"https:\/\/www.fpparafusos.com.br\/blog\/wp-content\/uploads\/2024\/05\/logo-1.png","width":137,"height":101,"caption":"Blog | FP "},"image":{"@id":"https:\/\/www.fpparafusos.com.br\/blog\/#\/schema\/logo\/image\/"}},{"@type":"Person","@id":"https:\/\/www.fpparafusos.com.br\/blog\/#\/schema\/person\/9c7b7798f8ed51bc8133e531147ec164","name":"admin","image":{"@type":"ImageObject","inLanguage":"pt-BR","@id":"https:\/\/www.fpparafusos.com.br\/blog\/#\/schema\/person\/image\/","url":"https:\/\/secure.gravatar.com\/avatar\/e5be426f87eadfe7213afde96b2070b11a5fb92437dc192a9bf63163b3d5dd6b?s=96&d=mm&r=g","contentUrl":"https:\/\/secure.gravatar.com\/avatar\/e5be426f87eadfe7213afde96b2070b11a5fb92437dc192a9bf63163b3d5dd6b?s=96&d=mm&r=g","caption":"admin"},"sameAs":["https:\/\/fpparafusos.com.br\/blog"],"url":"https:\/\/www.fpparafusos.com.br\/blog\/author\/admin\/"}]}},"_links":{"self":[{"href":"https:\/\/www.fpparafusos.com.br\/blog\/wp-json\/wp\/v2\/posts\/275","targetHints":{"allow":["GET"]}}],"collection":[{"href":"https:\/\/www.fpparafusos.com.br\/blog\/wp-json\/wp\/v2\/posts"}],"about":[{"href":"https:\/\/www.fpparafusos.com.br\/blog\/wp-json\/wp\/v2\/types\/post"}],"author":[{"embeddable":true,"href":"https:\/\/www.fpparafusos.com.br\/blog\/wp-json\/wp\/v2\/users\/1"}],"replies":[{"embeddable":true,"href":"https:\/\/www.fpparafusos.com.br\/blog\/wp-json\/wp\/v2\/comments?post=275"}],"version-history":[{"count":1,"href":"https:\/\/www.fpparafusos.com.br\/blog\/wp-json\/wp\/v2\/posts\/275\/revisions"}],"predecessor-version":[{"id":278,"href":"https:\/\/www.fpparafusos.com.br\/blog\/wp-json\/wp\/v2\/posts\/275\/revisions\/278"}],"wp:featuredmedia":[{"embeddable":true,"href":"https:\/\/www.fpparafusos.com.br\/blog\/wp-json\/wp\/v2\/media\/277"}],"wp:attachment":[{"href":"https:\/\/www.fpparafusos.com.br\/blog\/wp-json\/wp\/v2\/media?parent=275"}],"wp:term":[{"taxonomy":"category","embeddable":true,"href":"https:\/\/www.fpparafusos.com.br\/blog\/wp-json\/wp\/v2\/categories?post=275"},{"taxonomy":"post_tag","embeddable":true,"href":"https:\/\/www.fpparafusos.com.br\/blog\/wp-json\/wp\/v2\/tags?post=275"}],"curies":[{"name":"wp","href":"https:\/\/api.w.org\/{rel}","templated":true}]}}